{"id":481,"date":"2022-02-06T19:00:56","date_gmt":"2022-02-06T18:00:56","guid":{"rendered":"https:\/\/msfcc.org\/?p=481"},"modified":"2022-02-06T19:01:33","modified_gmt":"2022-02-06T18:01:33","slug":"il-pn-ic-centru-li-kaxkarna-lejn-ix-xellug-parti-iv","status":"publish","type":"post","link":"https:\/\/msfcc.org\/index.php\/2022\/02\/06\/il-pn-ic-centru-li-kaxkarna-lejn-ix-xellug-parti-iv\/","title":{"rendered":"Il-PN: I\u010b-\u010aentru li Kaxkarna Lejn ix-Xellug \u2014 Parti IV"},"content":{"rendered":"\n[et_pb_section fb_built=&#8221;1&#8243; admin_label=&#8221;Section&#8221; _builder_version=&#8221;3.22&#8243; global_colors_info=&#8221;{}&#8221; theme_builder_area=&#8221;post_content&#8221;][et_pb_row admin_label=&#8221;Row&#8221; _builder_version=&#8221;4.9.2&#8243; background_size=&#8221;initial&#8221; background_position=&#8221;top_left&#8221; background_repeat=&#8221;repeat&#8221; global_colors_info=&#8221;{}&#8221; theme_builder_area=&#8221;post_content&#8221;][et_pb_column type=&#8221;4_4&#8243; _builder_version=&#8221;3.25&#8243; custom_padding=&#8221;|||&#8221; global_colors_info=&#8221;{}&#8221; custom_padding__hover=&#8221;|||&#8221; theme_builder_area=&#8221;post_content&#8221;][et_pb_text _builder_version=&#8221;4.14.7&#8243; _module_preset=&#8221;default&#8221; global_colors_info=&#8221;{}&#8221; theme_builder_area=&#8221;post_content&#8221;]<p style=\"text-align: justify;\"><em>Dan l-artiklu huwa r-raba&#8217; u l-a\u0127\u0127ar parti minn rapport li \u0121ie ppre\u017centat f&#8217;\u0120unju tal-2018 mill-Kummissjoni Studji u Ri\u010berka ta&#8217; Pro Malta Christiana. Ir-rapport s\u0127i\u0127 qed ji\u0121i riprodott hawnhekk b\u0127ala serje ta&#8217; artikli.<\/em><\/p>[\/et_pb_text][et_pb_divider color=&#8221;#000000&#8243; _builder_version=&#8221;4.9.2&#8243; _module_preset=&#8221;default&#8221; global_colors_info=&#8221;{}&#8221; theme_builder_area=&#8221;post_content&#8221;][\/et_pb_divider][et_pb_text _builder_version=&#8221;4.14.7&#8243; _module_preset=&#8221;default&#8221; header_2_text_align=&#8221;left&#8221; text_orientation=&#8221;justified&#8221; hover_enabled=&#8221;0&#8243; global_colors_info=&#8221;{}&#8221; theme_builder_area=&#8221;post_content&#8221; sticky_enabled=&#8221;0&#8243;]<h2><span>Il-\u201cMod \u0120did\u201d tad-Diri\u0121enza Nazzjonalista<\/span><\/h2>\n<p><span>Il-\u201cMod \u0120did\u201d tad-diri\u0121enza l-\u0121dida tal-partit hu, frankament, di\u017cappuntanti u illu\u017corju, fid-dawl ta\u2019 dawn il-fatti innegabbli li \u0121ejjin:<\/span><\/p>\n<ul>\n<li><span>G\u0127otja ta\u2019 <em>free vote<\/em> fuq kwistjonijiet morali meta l-partit g\u0127andu jintrabat mat-tag\u0127lim so\u010bjali Nisrani.<\/span><\/li>\n<\/ul>\n<ul>\n<li><span>Ipokrisija fuq is-saltna tad-dritt: Meta wie\u0127ed jara l-ipokrisija ta\u017c-\u017cew\u0121 partiti li jtambru fuq is-saltna tad-dritt filwaqt li l-PL u l-PN stess huma responsabbli g\u0127al politika li tmexxi l-a\u0121enda kontra l-\u0127arsien tal-fruntieri min\u0127abba \u017c-\u017bona Schengen, u meta huma stess jiggarantixxu li kull meta kriminali minn barra l-UE jinstabu \u0127atja ta\u2019 reati u delitti serji ma jistg\u0127ux ji\u0121u ddeportati lura f\u2019pajji\u017chom min\u0127abba l-istatus kontroversjali ta\u2019 \u201cprotezzjoni umanitarja\u201d, forsi wasal i\u017c-\u017cmien li l-Maltin u l-G\u0127awdxin jibdew jistaqsu jekk te\u017cistix a\u0121enda mo\u0127bija inti\u017ca biex timmina s-sovranit\u00e0 nazzjonali u l-\u0121id komuni.<\/span><\/li>\n<\/ul>\n<ul>\n<li><span>L-istess atte\u0121\u0121jament inkonsistenti huwa rrapre\u017centat mis-silenzju elokwenti tal-PN fuq l-investigazzjonijiet g\u0127addejjin fl-Italja fuq NGOs ibba\u017cati f\u2019Malta, b\u0127al MOAS, li allegatament qeg\u0127din iservu b\u0127ala mezz ta\u2019 traffikar tal-persuni.<\/span><\/li>\n<\/ul>\n<ul>\n<li><span>It-tolleranza tal-PN fil-konfront ta\u2019 deputati u ewrodeputati meqjusin b\u0127ala alleati ta\u2019 George Soros hija xokkanti. F\u2019Novembru tas-sena 2017, inkixef rapport miktub mill-<em>Open Society Foundation<\/em>, NGO miljunarja ffinanzjata minn George Soros li qieg\u0127da tag\u0127mel minn kollox biex timponi iktar numri ta\u2019 immigranti minn pajji\u017ci Musulmani fuq l-Ewropa kollha, kif ukoll tiffinanzja kampanji favur l-abort, l-ewtana\u017cja u l-ideolo\u0121ija tal-\u0121eneru. Ewrodeputata tal-PN u ex-ewrodeputata \u2013 illum deputata fil-parlament Malti \u2013 \u0121ew elenkati f\u2019dan ir-rapport b\u0127ala \u201calleati li tista\u2019 tafdahom\u201d tal-fondazzjoni tal-istess George Soros. Ta\u2019 min isemmi li l-<em>Open Society Foundation<\/em> ta\u2019 Soros hija fil-qu\u010b\u010bata ta-kampanja biex ji\u017cdiedu r-restrizzjonijiet legali u sanzjonijiet penali fuq il-libert\u00e0 tal-espressjoni fl-Ewropa.<\/span><\/li>\n<\/ul>\n<ul>\n<li><span>L-injoranza grassa fil-PN dwar il-kontenut, l-istruttura u l-g\u0127anijiet tal-I\u017clam b\u0127ala reli\u0121jon u ideolo\u0121ija politika b\u2019li\u0121ijiet politi\u010bi u struttura \u0121uridika bba\u017cata fuq ix-Xarija, ma tawgurax tajjeb, la g\u0127all-\u0121ejjieni tal-partit, u wisq inqas g\u0127all-\u0121ejjieni tal-pajji\u017c.<\/span><\/li>\n<\/ul>\n<ul>\n<li><span>L-iskandlu promoss mill-PN tal-ideolo\u0121ija xjentifikament \u017cbaljata u duttrinalment eretika tal-\u0121eneru, permezz ta\u2019 kandidati, tqeg\u0127id ta\u2019 fjuri u ritratti tal-mexxej b\u2019<em>posters<\/em> li jmexxu l-a\u0121enda LGBTIQ anti-Kristjana, jippompletaw l-impressjoni demoralizzanti li Nazzjonalisti \u0121enwini g\u0127andhom tal-PN. Il-PN m\u2019g\u0127andux il-konvinzjoni morali li jipproklama li \u201cra\u0121el u mara \u0127alaqhom\u201d u jinjora b\u2019mod konvenjenti l-istudji xjentifi\u010bi u medi\u010bi kollha li jikkonfermaw li t-tielet \u0121eneru ma je\u017cistix.<\/span><\/li>\n<\/ul>\n<h2><span>Konklu\u017cjoni: Partit Relattivista li Jinsolenta l-Valuri ta\u2019 <em>Religio et Patria<\/em><\/span><\/h2>\n<p><span>Dan hu l-kwadru li jo\u0127ro\u0121 ta\u2019 partit li darba kien glorju\u017c, i\u017cda li \u0127a rwol important f\u2019pro\u010bess ta\u2019 dekristjanizzazzjoni ta\u2019 Malta. Il-PN nesa li l-bniedem mhux bil-\u0127ob\u017c biss jg\u0127ix, u jinsab ma\u0127kum minn relattivi\u017cmu sfrenat, u kultura ta\u2019 korrettezza politika minflok sens komun.<\/span><\/p>\n<p><span>Dak il-motto li kien jifta\u0127ar bih \u2013 \u0121ustament \u2013 ma jiswa kwa\u017ci xejn. Minflok jattakka pajji\u017ci b\u0127all-Polonja u l-Ungerija li qeg\u0127din jag\u0127mlu minn kollox biex jiddefendu l-patrimonju l-iktar prezzju\u017c ta\u2019 pajji\u017chom, il-kultura u \u010b-\u010bivilt\u00e0 Nisranija, ikun a\u0127jar jekk il-PN jitg\u0127allem mill-e\u017cempju tal-gvernijiet ta\u2019 dawn il-pajji\u017ci.<\/span><\/p>\n<p><span>Pro Malta Christiana toffri dawn il-\u0127sibijiet, <em>in conspectu altissimi<\/em>, konxja li s-so\u010bjet\u00e0 tag\u0127na qieg\u0127da taqdi dmirha lejn Alla u lejn pajji\u017cna f\u2019dawn i\u017c-\u017cminijiet kru\u010bjali g\u0127all-\u0121ejjieni ta\u2019 Malta.<\/span><\/p>[\/et_pb_text][\/et_pb_column][\/et_pb_row][\/et_pb_section]\n","protected":false},"excerpt":{"rendered":"<p>T\u0127assib fuq ir-responsabbilt\u00e0 tad-diri\u0121enza Nazzjonalista g\u0127all-avvanz tal-pro\u010bess relattivist, sekularist u anti-Kristjan f\u2019Malta<\/p>\n","protected":false},"author":1,"featured_media":493,"comment_status":"closed","ping_status":"closed","sticky":false,"template":"","format":"standard","meta":{"_et_pb_use_builder":"on","_et_pb_old_content":"","_et_gb_content_width":"","footnotes":""},"categories":[9],"tags":[],"class_list":["post-481","post","type-post","status-publish","format-standard","has-post-thumbnail","hentry","category-local"],"_links":{"self":[{"href":"https:\/\/msfcc.org\/index.php\/wp-json\/wp\/v2\/posts\/481","targetHints":{"allow":["GET"]}}],"collection":[{"href":"https:\/\/msfcc.org\/index.php\/wp-json\/wp\/v2\/posts"}],"about":[{"href":"https:\/\/msfcc.org\/index.php\/wp-json\/wp\/v2\/types\/post"}],"author":[{"embeddable":true,"href":"https:\/\/msfcc.org\/index.php\/wp-json\/wp\/v2\/users\/1"}],"replies":[{"embeddable":true,"href":"https:\/\/msfcc.org\/index.php\/wp-json\/wp\/v2\/comments?post=481"}],"version-history":[{"count":8,"href":"https:\/\/msfcc.org\/index.php\/wp-json\/wp\/v2\/posts\/481\/revisions"}],"predecessor-version":[{"id":524,"href":"https:\/\/msfcc.org\/index.php\/wp-json\/wp\/v2\/posts\/481\/revisions\/524"}],"wp:featuredmedia":[{"embeddable":true,"href":"https:\/\/msfcc.org\/index.php\/wp-json\/wp\/v2\/media\/493"}],"wp:attachment":[{"href":"https:\/\/msfcc.org\/index.php\/wp-json\/wp\/v2\/media?parent=481"}],"wp:term":[{"taxonomy":"category","embeddable":true,"href":"https:\/\/msfcc.org\/index.php\/wp-json\/wp\/v2\/categories?post=481"},{"taxonomy":"post_tag","embeddable":true,"href":"https:\/\/msfcc.org\/index.php\/wp-json\/wp\/v2\/tags?post=481"}],"curies":[{"name":"wp","href":"https:\/\/api.w.org\/{rel}","templated":true}]}}