{"id":329,"date":"2021-04-26T22:22:16","date_gmt":"2021-04-26T21:22:16","guid":{"rendered":"https:\/\/msfcc.org\/?p=329"},"modified":"2022-02-01T03:30:43","modified_gmt":"2022-02-01T02:30:43","slug":"i-am-catholic-can-i-oppose-mass-regular-or-irregular-immigration","status":"publish","type":"post","link":"https:\/\/msfcc.org\/index.php\/2021\/04\/26\/i-am-catholic-can-i-oppose-mass-regular-or-irregular-immigration\/","title":{"rendered":"I Am Catholic: Can I Oppose Mass \u201cRegular\u201d or \u201cIrregular\u201d Immigration?"},"content":{"rendered":"<p>[et_pb_section fb_built=&#8221;1&#8243; _builder_version=&#8221;4.9.4&#8243; _module_preset=&#8221;default&#8221;][et_pb_row _builder_version=&#8221;4.9.4&#8243; _module_preset=&#8221;default&#8221;][et_pb_column type=&#8221;4_4&#8243; _builder_version=&#8221;4.9.4&#8243; _module_preset=&#8221;default&#8221;][et_pb_text _builder_version=&#8221;4.9.4&#8243; _module_preset=&#8221;default&#8221; hover_enabled=&#8221;0&#8243; sticky_enabled=&#8221;0&#8243;]<\/p>\n<p><em>Dan l-artiklu huwa disponibbli bil-<a href=\"https:\/\/msfcc.org\/index.php\/2021\/04\/24\/jien-kattoliku-a-nista-nopponi-l-immigrazzjoni-tal-massa-regolari-jew-irregolari\/\" title=\"Jien Kattoliku\/a: Nista\u2019 Nopponi l-Immigrazzjoni tal-Massa \u201cRegolari\u201d jew \u201cIrregolari\u201d?\">Malti<\/a><\/em><\/p>\n<p>[\/et_pb_text][et_pb_divider color=&#8221;#000000&#8243; _builder_version=&#8221;4.9.4&#8243; _module_preset=&#8221;default&#8221;][\/et_pb_divider][et_pb_text _builder_version=&#8221;4.9.4&#8243; _module_preset=&#8221;default&#8221;]<\/p>\n<h2 dir=\"auto\">1. Is there an absolute right to emigrate and immigrate?<\/h2>\n<p dir=\"auto\" style=\"text-align: justify;\"><span><\/span><\/p>\n<p dir=\"auto\" style=\"text-align: justify;\"><span>The right of immigration exists by natural law, since the Earth as such belongs to all men. <\/span><\/p>\n<p dir=\"auto\" style=\"text-align: justify;\"><span>However, legitimately established states also have a natural right to regulate immigration into their territories to defend the common good of their citizens. This not only applies to economic and security matters but also to the spiritual and cultural heritage of these states, including national identity. As the individual good of an immigrant cannot dispense with, or supersede the common good of a particular country\u2019s indigenous inhabitants, then the right to emigrate and immigrate is not an absolute right. This right is conditioned by its social function, namely not putting the common good of a country\u2019s people at risk.<\/span><\/p>\n<p dir=\"auto\" style=\"text-align: justify;\"><span><\/span><\/p>\n<h2 dir=\"auto\">2. Does Malta have a right to protect her borders against \u201cirregular\u201d immigration?<\/h2>\n<p dir=\"auto\"><span><\/span><\/p>\n<p dir=\"auto\" style=\"text-align: justify;\"><span>According to the traditional social doctrine of the Catholic Church, as explained by Pope Pius XII, there are two essential conditions that would justify emigration and immigration into a sovereign country. These are: (i) the migrants\u2019 extreme need, and (ii) the host nation\u2019s right to restrict access for the sake of the common good. In his Apostolic Constitution <\/span><i><span>Exsul Familia<\/span><\/i><span>, Pope Pius XII teaches:<\/span><\/p>\n<blockquote>\n<p dir=\"auto\" style=\"text-align: justify;\"><i><span>\u201cIf any land offers the possibility to host a large number of men, one cannot prohibit, for insufficient reasons and for unjustified causes, access to needy and honest strangers, unless there are reasons relating to the public utility, which need to be considered with the maximum care and conscientiousness.\u201d<\/span><\/i><\/p>\n<\/blockquote>\n<p dir=\"auto\" style=\"text-align: justify;\"><span>Even the document published by the Justitia et Pax Pontifical Commission in 1988 \u2013 which is strongly biased in the pro-immigration sense \u2013 makes this condition clear:<\/span><\/p>\n<blockquote>\n<p dir=\"auto\" style=\"text-align: justify;\"><i><span>\u201cIt rests naturally with the public authorities who are responsible for the common good, to establish what the proportion of refugees or immigrants that their country is capable of hosting, taking the country\u2019s possibilities for employment and economic growth prospects into account. (\u2026.) The State must guarantee that grave situations of social disequilibrium which are accompanied by sociological phenomena of rejection of migrants that can occur with the presence of too large a number of persons of a different culture who are perceived to pose a direct threat to the identity and customs of the local community.\u201d<\/span><\/i><span>\u00a0<\/span><\/p>\n<\/blockquote>\n<p dir=\"auto\" style=\"text-align: justify;\"><span>Consequently, any country can protect its borders against the influx of mass, disordered numbers of immigrants, and this may include closing off of airports and seaports if the common good is perceived by the public authorities to be under threat from immigrant influxes.<\/span><span><\/span><span><\/span><\/p>\n<p dir=\"auto\" style=\"text-align: justify;\"><span><\/span><\/p>\n<h2 dir=\"auto\">3. Is the multiculturalism that results from \u201cregular\u201d and \u201cirregular\u201d immigration beneficial to Christian civilisation in Malta?<b><span><\/span><\/b><\/h2>\n<p dir=\"auto\"><b><span><\/span><\/b><\/p>\n<p dir=\"auto\" style=\"text-align: justify;\"><i><span>Multiculturalism <\/span><\/i><span>is the theory that justifies the erosion of society that results from the integration of migrants within a state without any assimilation into that society. As a result, the host nation becomes a jumble or accumulation of different ethnicities and communities which are parallel or concurrent to the State. This easily leads to the formation of <a href=\"https:\/\/abouthungary.hu\/blog\/guess-whos-talking-about-no-go-zones\" title=\"Guess who\u2019s talking about \u201cno-go zones\u201d\">ghettoes<\/a> and <a href=\"https:\/\/www.gatestoneinstitute.org\/5128\/france-no-go-zones\" title=\"European 'No-Go' Zones: Fact or Fiction? Part 1: France\">no-go areas<\/a> for the local inhabitants.<\/span><\/p>\n<p dir=\"auto\" style=\"text-align: justify;\"><span>The host country is made to accept not just individuals but also immigrant communities with their own cultures. As a result, the State invariably must integrate customs, laws and institutions of these communities in its judicial system of values even if they are irreconcilable with the host nation\u2019s cultural, religious and legal structures.<\/span><\/p>\n<p dir=\"auto\" style=\"text-align: justify;\"><span>This theory of multiculturalism presumes that the host country must not assimilate migrants according to the existing nation\u2019s cultural values, but must host, protect and even favour values, customs, norms and institutions of the immigrant communities. These values are accepted in an egalitarian manner without any discrimination of any sort in favour of the country\u2019s set of values.<\/span><\/p>\n<p dir=\"auto\" style=\"text-align: justify;\"><span>Thus, multiculturalism is based on the error of <\/span><i><span>relativism <\/span><\/i><span>which asserts that all cultures and religions are equally valid, and should be placed on equal legal terms. While it is true that a state may include a plurality or variety of peoples, ethnicities and races, it must strongly guard against integrating a plurality or variety of cultures.<\/span><\/p>\n<p dir=\"auto\" style=\"text-align: justify;\"><span>As Malta is a majority Catholic nation, Maltese Catholics are legitimately entitled to object to, and resist the multiculturalism that arises from mass, disordered influxes of immigrants.<\/span><\/p>\n<p dir=\"auto\" style=\"text-align: justify;\"><span><\/span><\/p>\n<h2 dir=\"auto\">4. Am I obliged to accept Pope Francis\u2019 statements favouring mass immigration to Europe?<\/h2>\n<p dir=\"auto\"><span><\/span><\/p>\n<p dir=\"auto\" style=\"text-align: justify;\"><span>In Pope Francis\u2019 speeches, migration and \u201cwelcoming\u201d are recurrent topics. The intensity of his pronouncements surpasses by far those of previous popes. In fact, according to Pope Francis, opening the West indiscriminately to immigrants seems to be a non-negotiable principle. Added to this is his insistence on a policy of dialogue with Islam, whatever the cost. This goal appears to be achieved by the Vatican by minimising Islam\u2019s terrorism matrix while showing extreme caution in denouncing the religious nature of the persecution of Christians in Muslim-majority countries.<\/span><\/p>\n<p dir=\"auto\" style=\"text-align: justify;\"><span>The Holy See has, under the present pontificate, shifted towards supporting unbridled immigration without any of the cautions taught by previous popes such as Pius XII and John XXIII, the latter <a href=\"http:\/\/www.vatican.va\/content\/john-xxiii\/en\/encyclicals\/documents\/hf_j-xxiii_enc_11041963_pacem.html\" title=\"Pacem in Terris - John XXIII\">stating<\/a>\u00a0that emigration\/immigration may only be acceptable: <em>\u201c\u2026 when there are just reasons for it\u201d<\/em>.<\/span><\/p>\n<p dir=\"auto\" style=\"text-align: justify;\"><span>It is clear that in recent years, Catholic papal pronouncements have presented an imbalanced favouring of migrants which has grown into an exaltation of immigration as such or <\/span><i><span>per se<\/span><\/i><span>. Under Pope Francis, the imbalance has been exacerbated. In his Message for the 104th World Day of Migrants and Refugees, published on January 14, 2018, Pope Francis <a href=\"http:\/\/www.vatican.va\/content\/francesco\/en\/messages\/migration\/documents\/papa-francesco_20170815_world-migrants-day-2018.html\" title=\"Message of His Holiness Pope Francis for the 104th World Day of Migrants and Refugees 2018\">affirmed<\/a>:<\/span><\/p>\n<blockquote>\n<p dir=\"auto\"><i><span>\u201cThe principle of the centrality of the human person\u2026 obliges us to always prioritise personal safety over national security.\u201d <\/span><\/i><\/p>\n<\/blockquote>\n<p dir=\"auto\" style=\"text-align: justify;\"><span>Statements such as this contradict traditional Catholic doctrine, according to which the common good of society prevails over the private good of individuals, even if the individuals are migrants. Pope Francis\u2019 statement is contradictory in itself since, as the <\/span><i><span>Catechism of the Catholic Church<\/span><\/i><span> makes clear, the common good presupposes that <\/span><i><span>\u201cauthority should ensure by morally acceptable means the security of society and its members,\u201d <\/span><\/i><span>so that the common good<\/span><i><span> \u201cis the basis of the right to legitimate personal and collective defence\u201d <\/span><\/i>(<a href=\"http:\/\/www.vatican.va\/archive\/ccc_css\/archive\/catechism\/p3s1c2a2.htm\" title=\"Catechism of the Catholic Church\">CCC 1909<\/a>)<i><span>.<\/span><\/i><\/p>\n<p dir=\"auto\" style=\"text-align: justify;\"><span>One does not have to be a Master of Theology or Ecclesiology to understand that papal authority and infallibility have limits and that the duty of obedience to the Pope and bishops is not absolute across the board. Therefore, Catholics are not morally obliged to accept the present pontifical teachings on immigration if they perceive them as being imbalanced, one-sided and in contradiction to traditional Catholic doctrine.<\/span><\/p>\n<p dir=\"auto\"><span><\/span><\/p>\n<h2 dir=\"auto\">5. Am I obliged to accept the Maltese bishops\u2019 position favouring mass immigration to Malta?<\/h2>\n<p dir=\"auto\"><b><span><\/span><\/b><\/p>\n<p dir=\"auto\" style=\"text-align: justify;\"><span>The positions of the present Archbishop of Malta, Mgr. Charles Scicluna, and the former Bishop of Gozo, Mgr. Mario Grech, are very similar in their tone to those pronouncements concerning mass immigration made by Pope Francis. By over-emphasising \u201cwelcoming\u201d and \u201chosting of migrants\u201d indiscriminately, these Bishops appear to ignore the traditional Catholic stance on immigration, whether \u201cregular\u201d or \u201cirregular\u201d.<\/span><\/p>\n<p dir=\"auto\" style=\"text-align: justify;\"><span>On the question of the importation of \u201cregular\u201d immigrant cheap labour by the present Labour government with the consequent depression of wages for Maltese workers in certain sectors of the Maltese economy, the Maltese bishops maintain a mysterious silence, whist being vociferous over other issues related to over-development and ecology.<\/span><\/p>\n<p dir=\"auto\" style=\"text-align: justify;\"><span>Additionally, on the crimes and violent acts committed by migrants in Malta, the Metropolitan Curia of Malta and the Curia of Gozo\u2019s relative silence speaks volumes about their ideological position.<\/span><\/p>\n<p dir=\"auto\" style=\"text-align: justify;\"><span>In other respects, the Maltese Bishops have never made any references to the common good as conditioning the influxes of \u201cirregular\u201d migrants which reflects the imbalance and one-sided nature of their pronouncements. To this extent, Catholics are not morally obliged to accept unconditionally one-sided and imbalanced pronouncements and teachings.<\/span><\/p>\n<p dir=\"auto\"><span><\/span><\/p>\n<h2 dir=\"auto\">6. What does the greatest Catholic theologian (St. Thomas Aquinas) teach about immigration?<\/h2>\n<p dir=\"auto\"><b><span><\/span><\/b><\/p>\n<p dir=\"auto\" style=\"text-align: justify;\"><span>Saint Thomas Aquinas (1225-1274) is considered the greatest doctor of the Church. One has only to look in St. Thomas\u2019 masterpiece, the <\/span><i><span>Summa Theologica<\/span><\/i><span>, in the First part of the Second Part, question 105, article 3 (I-II, Q. 105, Art. 3). There one finds his analysis based on biblical insights that can add to the national debate.<\/span><\/p>\n<p dir=\"auto\" style=\"text-align: justify;\"><span>Saint Thomas affirms that not all immigrants are equal. Every nation has the right to decide which immigrants are beneficial, that is, \u201cpeaceful\u201d, to the common good. As a matter of self-defence, the State can reject those criminal elements, traitors, enemies and others who it deems harmful or \u201chostile\u201d to its citizens.<\/span><\/p>\n<p dir=\"auto\" style=\"text-align: justify;\"><span>The second thing he affirms is that the manner of dealing with immigration is determined by law in the cases of both beneficial and \u201chostile\u201d immigration. The State has the right and duty to apply its law. Saint Thomas also acknowledges the fact that others will want to come to visit or even stay in the land for some time. Such foreigners deserved to be treated with charity, respect and courtesy, which is due to any human of good will. In these cases, the law can and should protect foreigners from being badly treated or molested.<\/span><\/p>\n<p dir=\"auto\" style=\"text-align: justify;\"><span>These are some of the thoughts of Saint Thomas Aquinas on the matter of immigration based on biblical principles. It is clear that immigration must have two things in mind: the first is the nation\u2019s unity; and the second is the common good. Immigration should have as its goal integration, not disintegration or segregation.<\/span><\/p>\n<p dir=\"auto\" style=\"text-align: justify;\"><span>The immigrant should not only desire to assume the benefits but the responsibilities of joining into the full fellowship of the nation.<\/span><\/p>\n<p dir=\"auto\"><span><\/span><\/p>\n<h2 dir=\"auto\">7. Are there any Catholic cardinals and bishops opposed to mass, disordered immigration?<\/h2>\n<p dir=\"auto\"><b><span><\/span><\/b><\/p>\n<p dir=\"auto\" style=\"text-align: justify;\"><span>Yes, there are. Here is a selection of their most important comments on the immigration crisis being faced by Malta, Europe and the West generally.<\/span><span><\/span><\/p>\n<ul class=\"mf5omzu7 sf74r906\">\n<li style=\"text-align: justify;\"><b><span>Cardinal Raymond Leo Burke:<\/span><\/b><span> <\/span><i><span>\u201cTo resist large-scale Muslim immigration in my judgment is to be responsible,\u201d<\/span><\/i><span> Cardinal Burke said, responding to a written question. Islam <\/span><i><span>\u201cbelieves itself to be destined to rule the world,\u201d<\/span><\/i><span> he said. <\/span><i><span>\u201cYou don&#8217;t have to be a rocket scientist to see what has happened in Europe,\u201d<\/span><\/i><span> the cardinal said, citing the large Muslim immigrant populations in France, Germany and Italy (<a href=\"https:\/\/www.americamagazine.org\/politics-society\/2019\/05\/21\/cardinal-burke-limiting-muslim-immigration-patriotic\" title=\"Cardinal Burke: Limiting Muslim immigration is patriotic\">America Magazine<\/a>).<\/span><\/li>\n<\/ul>\n<p><span><\/span><\/p>\n<ul class=\"mf5omzu7 sf74r906\">\n<li style=\"text-align: justify;\"><b><span>Cardinal Robert Sarah:<\/span><\/b><span> Cardinal Robert Sarah has affirmed a nation\u2019s right to distinguish between refugees and economic migrants. According to Polish newsmagazine <\/span><i><span>wPolityce.pl<\/span><\/i><span> and other Polish publications, the African cardinal supported Poland\u2019s resistance to a certain \u201clogic\u201d of migration that outside forces are trying to impose on the nation. <\/span><i><span>\u201cIn what manner is it possible to remove the rights of the nation to distinguish between a political or religious refugee, who must flee from his homeland, and the economic migrant, who wants to change his address without adapting himself, identifying with, and accepting the culture of the country in which he will live?\u201d<\/span><\/i><span> Sarah asked.<\/span><br \/><span> <\/span><br \/><span> <\/span><i><span>\u201cEven more so, how is this possible, if this migrant is of another religion and culture and serves as a pretext for the relativisation of the absolute value which is the common good of the nation?\u201d <\/span><\/i>(<a href=\"https:\/\/www.lifesitenews.com\/news\/cardinal-sarah-some-people-exploit-the-word-of-god-to-promote-multicultural\" title=\"Cdl. Sarah: Some people \u2018exploit the Word of God\u2019 to promote multiculturalism, immigration\">LifeSiteNews<\/a>)<\/li>\n<\/ul>\n<p><span><\/span><\/p>\n<ul class=\"mf5omzu7 sf74r906\">\n<li style=\"text-align: justify;\"><b><span>Mgr. Henryk Hoser, Retired Bishop of Warsava-Praga (Poland):<\/span><\/b><span> In September, 2015, Mgr. Hoser declared that with unbridled Muslim immigration to Europe: <\/span><i><span>\u201cChristians would be forced to become the minority as they are already in the Middle East\u201d\u00a0<\/span><\/i>(<a href=\"https:\/\/www.thetablet.co.uk\/news\/4830\/bishops-at-odds-over-migrants\" title=\"Bishops at odds over migrants\">The Tablet<\/a>).<\/li>\n<\/ul>\n<p><span><\/span><\/p>\n<ul class=\"mf5omzu7 sf74r906\">\n<li style=\"text-align: justify;\"><b><span>Mgr. L\u00e1szl\u00f3 Kiss-Rig\u00f3, Bishop of Szeged-Csanad (Hungary):<\/span><\/b><span> In 2015, Mgr. Kiss-Rigo referred to the arrival of masses of Muslim immigrants as an \u201cinvasion\u201d. He said: <\/span><i><span>\u201cThey are not refugees. They come here with cries of \u2018Allahu Akbar.\u2019 They want to take over\u201d <\/span><\/i>(<a href=\"https:\/\/www.thetablet.co.uk\/news\/4830\/bishops-at-odds-over-migrants\" title=\"Bishops at odds over migrants\">The Tablet<\/a>).<\/li>\n<\/ul>\n<p><span><\/span><\/p>\n<ul class=\"mf5omzu7 sf74r906\">\n<li style=\"text-align: justify;\"><b><span>Mgr. Athanasius Schneider, Auxiliary Bishop of Astana (Kazakhstan):<\/span><\/b><span> Bishop Athanasius Schneider of Kazakhstan, told an interviewer from Milan\u2019s <\/span><i><span>Il Giornale<\/span><\/i><span> in June 2018 that <\/span><i><span>\u201cthe phenomenon of so-called \u201cimmigration\u201d represents an orchestrated and long-prepared plan by international powers to radically change the Christian and national identities of the European peoples\u201d<\/span><\/i><span>. The Church, he said, was being exploited.<\/span><br \/><span> <\/span><br \/><span> <\/span><i><span>\u201cThese powers use the Church&#8217;s enormous moral potential and her structures to more effectively achieve their anti-Christian and anti-European goal,\u201d <\/span><\/i>he stated.<i><span> \u201cTo this end they are abusing the true concept of humanism and even the Christian commandment of charity.\u201d\u00a0<\/span><\/i><span><\/span>(<a href=\"https:\/\/www.lifesitenews.com\/news\/bishop-mass-migration-part-of-plan-to-water-down-europes-christian-identity\" title=\"Bishop: Mass migration part of plan to water down Europe\u2019s Christian identity\">LifeSiteNews<\/a>)<\/li>\n<\/ul>\n<p><span><\/span><\/p>\n<h2 dir=\"auto\">8. Should the children of migrants born in Malta be automatically entitled to Maltese citizenship?<\/h2>\n<p dir=\"auto\"><span><\/span><\/p>\n<p dir=\"auto\" style=\"text-align: justify;\"><span>According to Saint Thomas Aquinas (see question 6):<\/span><\/p>\n<blockquote>\n<p dir=\"auto\" style=\"text-align: justify;\"><i><span>\u201cThirdly, when any foreigners wished to be admitted entirely to their fellowship and mode of worship. With regard to these a certain order was observed. For they were not at once admitted to citizenship: just as it was law with some nations that no one was deemed a citizen except after two or three generations, as the Philosopher says.\u201d (Polit. iii, 1)<\/span><\/i><\/p>\n<\/blockquote>\n<p dir=\"auto\" style=\"text-align: justify;\"><span>Saint Thomas recognises that there will be those who will want to stay and become citizens of the lands they visit. However, he sets as the first condition for acceptance a desire to integrate fully into what would today be considered the culture and life of the nation. A second condition is that the granting of citizenship would not be immediate. The integration process takes time. People need to adapt themselves to the nation. He quotes the philosopher Aristotle as saying this process was once deemed to take two or three generations. Saint Thomas himself does not give a time frame for this integration, but he does admit that it can take a long time.<\/span><\/p>\n<p dir=\"auto\" style=\"text-align: justify;\"><span>As Aquinas observes:<\/span><\/p>\n<blockquote>\n<p dir=\"auto\" style=\"text-align: justify;\"><i><span>\u201cThe reason for this was that if foreigners were allowed to meddle with the affairs of a nation as soon as they settled down in its midst, many dangers might occur, since the foreigners not yet having the common good firmly at heart might attempt something hurtful to the people.\u201d<\/span><\/i><\/p>\n<\/blockquote>\n<p dir=\"auto\"><i><span><\/span><\/i><\/p>\n<h2 dir=\"auto\">9. What is the doctrine of \u201cPrima Sibi Caritas\u201d? How does it apply to immigration issues?<\/h2>\n<p dir=\"auto\">\n<p dir=\"auto\" style=\"text-align: justify;\"><span>\u201cPrima Sibi Caritas\u201d is a Catholic principle which states that by Divine Commandment, the expression of charity primarily is to be directed to oneself, to one\u2019s family, to one\u2019s country and above all to Christian Civilisation. This primary and ordered love of oneself produces as a natural and necessary extension, the love of one\u2019s neighbour. As is well known, the evangelical precept of loving one&#8217;s neighbour as oneself teaches that one\u2019s \u201cneighbour\u201d is not so much that person who is close to us physically or geographically but rather that person with whom we have forged a link in terms of obligations of duty, consanguinity or affinity.<\/span><\/p>\n<p dir=\"auto\" style=\"text-align: justify;\"><span>Our neighbour is above all he whose well-being \u2013 both natural and supernatural \u2013 depends on our actions. This duty is not restricted to spiritual life but also extends to moral and civil existence.<\/span><\/p>\n<p dir=\"auto\" style=\"text-align: justify;\"><span>As a rule, only those who conserve the plenitude of their own possessions may provide for the benefit of others, both in the temporal and in the spiritual spheres. Thus, it is not possible to give what one does not have, and this applies equally in terms of today\u2019s society. If Europe, and by implication Malta, by betraying its historical mission, rejects the values of Christian Civilisation (a gift of Divine Providence), it cannot propagate such values thereby benefiting other nations which are less fortunate or whose societies are less civil.<\/span><\/p>\n<p dir=\"auto\" style=\"text-align: justify;\"><span>Any charity towards immigrants \u2013 \u201cregular\u201d or \u201cirregular\u201d \u2013 which does not account for, and to the necessary degree, the requirements of Malta\u2019s national identity, her religious traditions and her centuries-old ethnic and cultural identity, reflects an unnatural and disordered disdain for Malta as a host nation and for what she has represented. As a result, the immigration propagandists would like to impose a new commandment: \u201cLove your culturally distant neighbour at the expense of yourself and of your immediate neighbour\u201d.<\/span><span><\/span><\/p>\n<p dir=\"auto\" style=\"text-align: justify;\"><span><\/span><\/p>\n<h2 dir=\"auto\">10. Our Lord was once a refugee. Do we reject Christ by rejecting the refugees of today?<\/h2>\n<p dir=\"auto\"><b><span><\/span><\/b><\/p>\n<p dir=\"auto\" style=\"text-align: justify;\"><span>This argument is often bandied about by clerics and lay Catholics alike. It is true that the Holy Family was forced to flee to Egypt in order to seek refuge from Herod&#8217;s murderous rampage, but beyond the initial flight, there are virtually no parallels between this event and the migrant crisis of today.<\/span><\/p>\n<p dir=\"auto\" style=\"text-align: justify;\"><span>Firstly, there is ample evidence to suggest that most of the immigrants seeking to enter Europe are not in fact refugees fleeing war or persecution, but rather economic migrants who often journey across several safe countries to reach the more prosperous European nations. Our Blessed Mother and St Joseph, on the other hand, fled to the nearest safe country, which \u2013 like Judaea \u2013 also happened to be a Roman province at the time, so it also bears mentioning that no laws were broken.<\/span><\/p>\n<p dir=\"auto\" style=\"text-align: justify;\"><span>Secondly, they returned to their homeland once the danger had subsided. In contrast, many of the irregular immigrants in our midst have no intention of going back, and this can have a considerable impact on the host&#8217;s ethnic and cultural landscape. Finally, we can safely assume that Jesus, Mary, and Joseph were exemplary guests and were by no means an undue burden on their host.<\/span><\/p>\n<p dir=\"auto\" style=\"text-align: justify;\"><span>The argument starts to look rather disingenuous when these differences are deliberately glossed over, and clerics ought to know better than to twist the Gospel, even if their intentions are ultimately good.<\/span><\/p>\n<p>[\/et_pb_text][\/et_pb_column][\/et_pb_row][\/et_pb_section]<\/p>\n","protected":false},"excerpt":{"rendered":"<p>10 Questions and Answers Regarding Immigration<\/p>\n","protected":false},"author":1,"featured_media":0,"comment_status":"open","ping_status":"open","sticky":false,"template":"","format":"standard","meta":{"_et_pb_use_builder":"on","_et_pb_old_content":"","_et_gb_content_width":"","footnotes":""},"categories":[9],"tags":[17],"class_list":["post-329","post","type-post","status-publish","format-standard","hentry","category-local","tag-immigration"],"_links":{"self":[{"href":"https:\/\/msfcc.org\/index.php\/wp-json\/wp\/v2\/posts\/329","targetHints":{"allow":["GET"]}}],"collection":[{"href":"https:\/\/msfcc.org\/index.php\/wp-json\/wp\/v2\/posts"}],"about":[{"href":"https:\/\/msfcc.org\/index.php\/wp-json\/wp\/v2\/types\/post"}],"author":[{"embeddable":true,"href":"https:\/\/msfcc.org\/index.php\/wp-json\/wp\/v2\/users\/1"}],"replies":[{"embeddable":true,"href":"https:\/\/msfcc.org\/index.php\/wp-json\/wp\/v2\/comments?post=329"}],"version-history":[{"count":6,"href":"https:\/\/msfcc.org\/index.php\/wp-json\/wp\/v2\/posts\/329\/revisions"}],"predecessor-version":[{"id":342,"href":"https:\/\/msfcc.org\/index.php\/wp-json\/wp\/v2\/posts\/329\/revisions\/342"}],"wp:attachment":[{"href":"https:\/\/msfcc.org\/index.php\/wp-json\/wp\/v2\/media?parent=329"}],"wp:term":[{"taxonomy":"category","embeddable":true,"href":"https:\/\/msfcc.org\/index.php\/wp-json\/wp\/v2\/categories?post=329"},{"taxonomy":"post_tag","embeddable":true,"href":"https:\/\/msfcc.org\/index.php\/wp-json\/wp\/v2\/tags?post=329"}],"curies":[{"name":"wp","href":"https:\/\/api.w.org\/{rel}","templated":true}]}}